{"id":2165,"date":"2016-06-29T12:13:55","date_gmt":"2016-06-29T11:13:55","guid":{"rendered":"https:\/\/mandataire-auto.com\/guide\/?p=2165"},"modified":"2016-06-29T12:14:35","modified_gmt":"2016-06-29T11:14:35","slug":"cote-voiture-allemande","status":"publish","type":"post","link":"https:\/\/mandataire-auto.com\/guide\/cote-voiture-allemande\/","title":{"rendered":"Une voiture allemande perd-elle plus vite sa valeur ?"},"content":{"rendered":"<p><em>Une bonne question que se posent bon nombre de clients avant de franchir le cap d&rsquo;acheter une voiture allemande. Mais un v\u00e9hicule d&rsquo;occasion import\u00e9 d&rsquo;Allemagne perd-il r\u00e9ellement plus vite sa cote qu&rsquo;une voiture fran\u00e7aise ?<\/em><\/p>\n<h3>La cote auto<\/h3>\n<p>Les outils d&rsquo;\u00e9valuation d&rsquo;une cote automobile se basent sur plusieurs crit\u00e8res.<\/p>\n<p><span style=\"text-decoration: underline;\">Chez LaCentrale :<\/span><\/p>\n<ul>\n<li>Marque<\/li>\n<li>Mod\u00e8le<\/li>\n<li>Ann\u00e9e et mois<\/li>\n<li>Version<\/li>\n<li>Kilom\u00e9trage<\/li>\n<\/ul>\n<div id=\"attachment_2173\" style=\"width: 910px\" class=\"wp-caption aligncenter\"><img decoding=\"async\" aria-describedby=\"caption-attachment-2173\" class=\"size-full wp-image-2173\" src=\"https:\/\/mandataire-auto.com\/guide\/wp-content\/uploads\/2016\/06\/cote-lacentrale.jpg\" alt=\"Cote LaCentrale\" width=\"900\" height=\"610\" srcset=\"https:\/\/mandataire-auto.com\/guide\/wp-content\/uploads\/2016\/06\/cote-lacentrale.jpg 900w, https:\/\/mandataire-auto.com\/guide\/wp-content\/uploads\/2016\/06\/cote-lacentrale-300x203.jpg 300w, https:\/\/mandataire-auto.com\/guide\/wp-content\/uploads\/2016\/06\/cote-lacentrale-768x521.jpg 768w, https:\/\/mandataire-auto.com\/guide\/wp-content\/uploads\/2016\/06\/cote-lacentrale-140x94.jpg 140w\" sizes=\"(max-width: 900px) 100vw, 900px\" \/><p id=\"caption-attachment-2173\" class=\"wp-caption-text\">Estimation de la cote du march\u00e9 sur LaCentrale<\/p><\/div>\n<p><span style=\"text-decoration: underline;\">Chez L&rsquo;Argus :<\/span><\/p>\n<ul>\n<li>Marque<\/li>\n<li>Mod\u00e8le<\/li>\n<li>Ann\u00e9e et mois<\/li>\n<li>Version<\/li>\n<li>Kilom\u00e9trage<\/li>\n<li>\u00c9quipements et options<\/li>\n<\/ul>\n<p>\u00c0 aucun moment on ne nous demande la provenance du v\u00e9hicule pour en d\u00e9terminer la cote.<\/p>\n<h3>La reprise en ligne<\/h3>\n<p><span style=\"text-decoration: underline;\">Chez VendezVotreVoiture :<\/span><\/p>\n<ul>\n<li>Marque<\/li>\n<li>Mod\u00e8le<\/li>\n<li>Ann\u00e9e<\/li>\n<li>Version<\/li>\n<li>Kilom\u00e9trage<\/li>\n<\/ul>\n<div id=\"attachment_2174\" style=\"width: 910px\" class=\"wp-caption aligncenter\"><img decoding=\"async\" aria-describedby=\"caption-attachment-2174\" class=\"size-full wp-image-2174\" src=\"https:\/\/mandataire-auto.com\/guide\/wp-content\/uploads\/2016\/06\/reprise-vendezvotrevoiture.jpg\" alt=\"Estimation reprise avec VendezVotreVoiture.fr\" width=\"900\" height=\"927\" srcset=\"https:\/\/mandataire-auto.com\/guide\/wp-content\/uploads\/2016\/06\/reprise-vendezvotrevoiture.jpg 900w, https:\/\/mandataire-auto.com\/guide\/wp-content\/uploads\/2016\/06\/reprise-vendezvotrevoiture-291x300.jpg 291w, https:\/\/mandataire-auto.com\/guide\/wp-content\/uploads\/2016\/06\/reprise-vendezvotrevoiture-768x791.jpg 768w\" sizes=\"(max-width: 900px) 100vw, 900px\" \/><p id=\"caption-attachment-2174\" class=\"wp-caption-text\">Estimation de la reprise avec Vendezvotrevoiture.fr<\/p><\/div>\n<p>L\u00e0 encore, \u00e0 aucun moment on ne nous propose de renseigner la provenance du v\u00e9hicule. Je remarque m\u00eame que la valeur de reprise propos\u00e9e par le site\u00a0<a href=\"https:\/\/www.vendezvotrevoiture.fr\" target=\"_blank\">www.vendezvotrevoiture.fr<\/a>\u00a0et sensiblement proche de la cote du march\u00e9 -8%, sans compter que je n&rsquo;ai pas indiqu\u00e9 les options pr\u00e9sentes et le mois de mise en circulation qui augmentera le tarif de reprise. De plus, c&rsquo;est un mod\u00e8le peu r\u00e9pandu en France, ce qui peut \u00eatre plus compliqu\u00e9 \u00e0 revendre.<\/p>\n<p>Du c\u00f4t\u00e9 des concessionnaires ou des garagistes, ils se basent essentiellement sur la cote Argus et appliquent dans la plupart des cas entre -10% et -15% en fonction du v\u00e9hicule. Ils tentent de justifier cela de multiples mani\u00e8res&#8230;<\/p>\n<h3>D&rsquo;o\u00f9 vient la rumeur ?<\/h3>\n<p>Je ne pense pas qu&rsquo;il faille vous faire un dessin. Les concessionnaires et garagistes usent de toutes les m\u00e9thodes pour faire baisser au maximum la cote d&rsquo;un v\u00e9hicule et se faire plus de marge. Apr\u00e8s, \u00e0 vous de n\u00e9gocier avec le professionnel, surtout si votre v\u00e9hicule est en excellent \u00e9tat. S&rsquo;ils vous sortent l&rsquo;argument que les v\u00e9hicules allemands sont trafiqu\u00e9s, je vous invite \u00e0 lire <a href=\"https:\/\/mandataire-auto.com\/guide\/comment-verifier-kilometrage-occasion-allemande\/\" target=\"_blank\">cet article<\/a> qui concerne \u00e9galement cette fausse rumeur.<\/p>\n<p>Autre anecdote et non des moindres, de nombreux concessionnaires fran\u00e7ais se fournissent en Allemagne pour alimenter leurs stocks&#8230; \u00c7a se passe de commentaires.<\/p>\n<h3>Conclusion<\/h3>\n<p>Une voiture import\u00e9e, qu\u2019elle soit Allemande, Fran\u00e7aise ou Espagnole est identique en tout point tant qu&rsquo;elle est d&rsquo;origine europ\u00e9enne. La seule chose qui peut diff\u00e9rer c&rsquo;est les \u00e9quipements de s\u00e9ries et encore c&rsquo;est tr\u00e8s l\u00e9ger.<\/p>\n<p>Quand vous <a href=\"https:\/\/mandataire-auto.com\/guide\/comment-acheter-voiture-occasion-allemagne\/\" target=\"_blank\">achetez une voiture en Allemagne<\/a>, vous faites des \u00e9conomies, et lors de la revente, vous pouvez la revendre au m\u00eame prix qu&rsquo;une origine fran\u00e7aise, ou faire une reprise au meilleur prix. Faites le test !<\/p>\n","protected":false},"excerpt":{"rendered":"<p>Une bonne question que se posent bon nombre de clients avant de franchir le cap d&rsquo;acheter une voiture allemande. Mais un v\u00e9hicule d&rsquo;occasion import\u00e9 d&rsquo;Allemagne perd-il r\u00e9ellement plus vite sa cote qu&rsquo;une voiture fran\u00e7aise ? La cote auto Les outils d&rsquo;\u00e9valuation d&rsquo;une cote automobile se basent sur plusieurs crit\u00e8res. Chez LaCentrale : Marque Mod\u00e8le Ann\u00e9e [&hellip;]<\/p>\n","protected":false},"author":1,"featured_media":2177,"comment_status":"open","ping_status":"open","sticky":false,"template":"","format":"standard","meta":{"footnotes":""},"categories":[14],"tags":[12,112,113],"class_list":["post-2165","post","type-post","status-publish","format-standard","has-post-thumbnail","hentry","category-voiture-occasion","tag-allemagne","tag-cote-auto","tag-reprise"],"aioseo_notices":[],"views":10698,"_links":{"self":[{"href":"https:\/\/mandataire-auto.com\/guide\/wp-json\/wp\/v2\/posts\/2165","targetHints":{"allow":["GET"]}}],"collection":[{"href":"https:\/\/mandataire-auto.com\/guide\/wp-json\/wp\/v2\/posts"}],"about":[{"href":"https:\/\/mandataire-auto.com\/guide\/wp-json\/wp\/v2\/types\/post"}],"author":[{"embeddable":true,"href":"https:\/\/mandataire-auto.com\/guide\/wp-json\/wp\/v2\/users\/1"}],"replies":[{"embeddable":true,"href":"https:\/\/mandataire-auto.com\/guide\/wp-json\/wp\/v2\/comments?post=2165"}],"version-history":[{"count":5,"href":"https:\/\/mandataire-auto.com\/guide\/wp-json\/wp\/v2\/posts\/2165\/revisions"}],"predecessor-version":[{"id":2180,"href":"https:\/\/mandataire-auto.com\/guide\/wp-json\/wp\/v2\/posts\/2165\/revisions\/2180"}],"wp:featuredmedia":[{"embeddable":true,"href":"https:\/\/mandataire-auto.com\/guide\/wp-json\/wp\/v2\/media\/2177"}],"wp:attachment":[{"href":"https:\/\/mandataire-auto.com\/guide\/wp-json\/wp\/v2\/media?parent=2165"}],"wp:term":[{"taxonomy":"category","embeddable":true,"href":"https:\/\/mandataire-auto.com\/guide\/wp-json\/wp\/v2\/categories?post=2165"},{"taxonomy":"post_tag","embeddable":true,"href":"https:\/\/mandataire-auto.com\/guide\/wp-json\/wp\/v2\/tags?post=2165"}],"curies":[{"name":"wp","href":"https:\/\/api.w.org\/{rel}","templated":true}]}}