{"id":20747,"date":"2019-05-28T10:12:45","date_gmt":"2019-05-28T09:12:45","guid":{"rendered":"https:\/\/mandataire-auto.com\/guide\/?p=20747"},"modified":"2019-05-28T10:13:31","modified_gmt":"2019-05-28T09:13:31","slug":"mercedes-classe-b-allemagne","status":"publish","type":"post","link":"https:\/\/mandataire-auto.com\/guide\/mercedes-classe-b-allemagne\/","title":{"rendered":"Comment acheter une Classe B moins cher en Allemagne ?"},"content":{"rendered":"<p><em>Alliant les c\u00f4t\u00e9s pratiques d\u2019une voiture familiale avec l\u2019\u00e9l\u00e9gance et la sportivit\u00e9 que l\u2019on attend d\u2019une <a href=\"https:\/\/mandataire-auto.com\/guide\/acheter-mercedes-occasion-allemagne\/\">Mercedes-Benz<\/a>, la Classe B combine \u00e0 merveille dynamisme et confort. Toutefois, comme bon nombre de mod\u00e8les frapp\u00e9s de la c\u00e9l\u00e8bre \u00e9toile \u00e0 trois branches, la facture pour l\u2019acqu\u00e9rir peut sembler prohibitive, surtout lorsque l\u2019on commence \u00e0 piocher du c\u00f4t\u00e9 des options. Fort heureusement, il est possible de l\u2019acheter pour bien moins cher qu\u2019aupr\u00e8s d\u2019une concession fran\u00e7aise, en privil\u00e9giant \u00e0 la place le march\u00e9 de l\u2019occasion en Allemagne. L\u2019article consiste justement \u00e0 vous fournir les \u00e9l\u00e9ments cl\u00e9s \u00e0 conna\u00eetre pour r\u00e9aliser cette importation dans les meilleures conditions.<\/em><\/p>\n<p><center><\/center><\/p>\n<p style=\"text-align: center;\"><a href=\"https:\/\/mandataire-auto.com\/guide\/mercedes-classe-b-allemagne\/#Contacter_un_importateur_de_Classe_B\">Vous voulez acheter une Classe B ? Faites-nous une demande. Allez en bas de l&rsquo;article pour remplir le formulaire de contact.<\/a><\/p>\n<h2 style=\"text-align: left;\"><span style=\"font-family: -apple-system, BlinkMacSystemFont, 'Segoe UI', Roboto, Oxygen-Sans, Ubuntu, Cantarell, 'Helvetica Neue', sans-serif;\">Descriptif de la Classe B<\/span><\/h2>\n<p>Si les premi\u00e8res g\u00e9n\u00e9rations de Mercedes-Benz Classe B n\u2019ont pas laiss\u00e9 un souvenir imp\u00e9rissable, cela se doit surtout \u00e0 un design trop impersonnel, plut\u00f4t qu\u2019aux qualit\u00e9s intrins\u00e8ques de la voiture, car celles-ci \u00e9taient incontestablement pr\u00e9sentes, et nombreuses. En tout cas, le constructeur allemand a bien pris note du probl\u00e8me, et les nouvelles it\u00e9rations \u2013 type 246, et plus encore 247 \u2013 ont marqu\u00e9 une v\u00e9ritable rupture stylistique. De fait, les lignes se sont tendues, offrant davantage de <strong>dynamisme<\/strong>, mais sans sacrifier les multiples aspects fonctionnels du v\u00e9hicule. En outre, l\u2019habitacle a \u00e9t\u00e9 dot\u00e9 des <strong>derni\u00e8res technologies<\/strong> d\u2019info-divertissement en date, donnant de facto une impression bienvenue de modernisme et de high-tech. Il convient \u00e9galement de mentionner la Classe B type 242, faisant appel \u00e0 une motorisation \u00e9lectrique \u00e0 la fois performante (avec un 0 \u00e0 100 km\/h en moins de 8 secondes) et affichant une autonomie respectable, d\u00e9passant les 200 kilom\u00e8tres en conditions r\u00e9elles d\u2019utilisation.<\/p>\n<p>Concernant les <strong>nombreux \u00e9quipements<\/strong> de la Classe B, une expression de nos amis belges peut \u00eatre utilis\u00e9e, car le monospace compact de la marque \u00e0 l\u2019\u00e9toile nous a \u00ab d\u00e9\u00e7u en bien \u00bb. Dit autrement, la version \u00ab de base \u00bb, consid\u00e9r\u00e9e de s\u00e9rie, c\u2019est-\u00e0-dire sans option, apparait trop d\u00e9pouill\u00e9e pour le prix affich\u00e9 par le constructeur. Or, comme cela est typique des marques allemandes premium, la liste des \u00e9quipements optionnels s\u2019av\u00e8re, quant \u00e0 elle, quasi-interminable, et rec\u00e8le quelques \u00ab p\u00e9pites \u00bb. Il en va notamment ainsi du syst\u00e8me de <strong>reconnaissance vocale<\/strong>, l\u2019un des plus naturels \u00e0 utiliser de toute la production automobile actuelle, ou bien encore des diff\u00e9rents <strong>modes de conduite<\/strong> disponibles au travers du \u00ab Dynamic Select \u00bb. Dans l\u2019habitacle, les superbes <strong>\u00e9crans num\u00e9riques<\/strong> en \u00ab mettent plein la vue \u00bb, tandis que sur la route, la <strong>transmission int\u00e9grale 4MATIC<\/strong> permet d\u2019affronter sereinement les pires conditions m\u00e9t\u00e9orologiques. Toujours sur le plan de la s\u00e9curit\u00e9, le syst\u00e8me \u00ab intelligent drive \u00bb offre un niveau de <strong>conduite assist\u00e9e<\/strong> encore in\u00e9dit sur le segment, et il permet notamment de freiner en cas d\u2019urgence sans intervention du conducteur. Par ailleurs, mentionnons les si\u00e8ges multi-contours au confort remarquable, ou bien encore les packs \u00ab hands-free \u00bb et \u00ab energizing \u00bb, ce dernier alliant des flux d\u2019air et des musiques sp\u00e9cifiques pour favoriser le bien-\u00eatre des occupants sur de longs trajets. Enfin, les finitions \u00ab Progressive Line \u00bb et \u00ab AMG Line \u00bb s\u00e9duiront les automobilistes en qu\u00eate d\u2019un surcro\u00eet d\u2019exclusivit\u00e9 et\/ou de sportivit\u00e9.<\/p>\n<p><img decoding=\"async\" class=\"aligncenter wp-image-20792 size-full\" src=\"https:\/\/mandataire-auto.com\/guide\/wp-content\/uploads\/2019\/05\/Classe-B-avant.jpg\" alt=\"Acheter une Classe B en occasion en Allemagne\" width=\"800\" height=\"422\" srcset=\"https:\/\/mandataire-auto.com\/guide\/wp-content\/uploads\/2019\/05\/Classe-B-avant.jpg 800w, https:\/\/mandataire-auto.com\/guide\/wp-content\/uploads\/2019\/05\/Classe-B-avant-300x158.jpg 300w, https:\/\/mandataire-auto.com\/guide\/wp-content\/uploads\/2019\/05\/Classe-B-avant-768x405.jpg 768w\" sizes=\"(max-width: 800px) 100vw, 800px\" \/><\/p>\n<h2>Faire le bon choix pour sa Classe B d\u2019occasion<\/h2>\n<p>Pour acheter votre future Classe B en minimisant les risques de rencontrer des soucis avec le v\u00e9hicule choisi, il vous faudra suivre attentivement quelques r\u00e8gles simples, mais qui m\u00e9ritent indubitablement d\u2019\u00eatre rappel\u00e9es. Les voici :<\/p>\n<ul>\n<li>Choisissez autant que possible une Classe B de premi\u00e8re main, et avec un faible kilom\u00e9trage.<\/li>\n<li>Evitez les offres des particuliers, qui n\u2019offrent aucune garantie, et orientez-vous vers des v\u00e9hicules en concession \u2013 id\u00e9alement Mercedes-Benz, bien s\u00fbr<\/li>\n<li>Dans tous les cas de figure, prenez le temps de v\u00e9rifier l\u2019historique de la voiture, et notamment le fait qu\u2019elle n\u2019ait pas \u00e9t\u00e9 accident\u00e9e \u2013 ou, si elle l\u2019a \u00e9t\u00e9, que les factures des interventions de r\u00e9paration sont bien toutes disponibles<\/li>\n<li>Dans le m\u00eame ordre d&rsquo;id\u00e9e, consultez attentivement les entretiens r\u00e9alis\u00e9s, en les comparant avec ceux pr\u00e9conis\u00e9s par le constructeur, et quoi qu\u2019il en soit, prenez une garantie europ\u00e9enne<\/li>\n<li>Si vous vous orientez vers une Classe B ayant plus de 4 ans, sachez que l\u2019administration fran\u00e7aise vous demandera un T\u00dcV de moins de 6 mois pour l\u2019immatriculer, ainsi bien s\u00fbr que tous les autres documents n\u00e9cessaires (COC, carte grise, etc).<\/li>\n<li>Enfin, si vous trouvez la voiture de vos r\u00eaves aupr\u00e8s d\u2019un loueur, ce n\u2019est pas n\u00e9cessairement une mauvaise chose, mais \u00e9vitez les loueurs de courte dur\u00e9e \u2013 type Sixt ou Europcar \u2013 car les v\u00e9hicules sont beaucoup plus malmen\u00e9s qu\u2019avec les leasings sur de longues p\u00e9riodes.<\/li>\n<\/ul>\n<h2>Pourquoi acheter une Classe B Outre-Rhin ?<\/h2>\n<p>Cela peut ressembler \u00e0 un clich\u00e9, mais de nombreuses \u00e9tudes statistiques viennent en appui du fait que les automobilistes d\u2019outre-Rhin sont globalement plus attentifs \u00e0 l\u2019entretien et \u00e0 l\u2019\u00e9tat g\u00e9n\u00e9ral de leur v\u00e9hicule que nos compatriotes. Ainsi, ils n\u2019h\u00e9sitent pas \u00e0 se rendre en concession pour faire contr\u00f4ler r\u00e9guli\u00e8rement leur voiture, et ils en prennent le plus grand soin au quotidien.<\/p>\n<p>De plus, les v\u00e9hicules des conducteurs (-trices) germaniques sont le plus souvent bien \u00e9quip\u00e9s, avec davantage d\u2019options que leurs \u00ab homologues \u00bb en France. Le march\u00e9 de l\u2019occasion fourmille en outre de v\u00e9hicules \u00ab premium \u00bb, y compris les plus r\u00e9cents, et vous pourrez sans peine trouver de nombreuses possibilit\u00e9s pour votre recherche d\u2019une <strong>Classe B<\/strong>. Enfin, les prix pratiqu\u00e9s de l\u2019autre c\u00f4t\u00e9 de la fronti\u00e8re se r\u00e9v\u00e8lent significativement plus bas que dans l\u2019Hexagone, comme en t\u00e9moignent les quelques exemples suivants :<\/p>\n<ul>\n<li>Pour une Mercedes Classe B de 2015, avec 60 000 km maximum au compteur, en essence et boite auto, on trouve en France 211 offres, pour un prix minimum de 18 553\u20ac. En Allemagne, il y a 3 625 offres pour un prix minimum de 15 890\u20ac<\/li>\n<li>Pour le m\u00eame type de v\u00e9hicule, mais avec une transmission manuelle, on trouve 40 offres dans l\u2019Hexagone, pour un prix minimum de 16 900\u20ac. En Allemagne, il y a 829 offres pour un prix minimum de 14 989\u20ac<\/li>\n<li>Avec un kilom\u00e9trage restant inf\u00e9rieur \u00e0 60 000 km mais en diesel, et boite manuelle, on trouve 326 offres en France, pour un prix minimum de 13 990\u20ac. En Allemagne, ce sont 216 offres qui sont disponibles, pour un prix minimum de 13 398\u20ac<\/li>\n<li>Toujours en diesel, mais cette fois-ci avec une transmission automatique \u2013 par ailleurs tr\u00e8s agr\u00e9able \u2013 on trouve en France 704 offres, pour un prix minimum de 14 990\u20ac, contre 1 239 offres en Allemagne, avec des prix d\u00e9butant \u00e0 14 990\u20ac \u00e9galement<\/li>\n<li>Si vous vous int\u00e9ressez \u00e0 une Classe B tr\u00e8s r\u00e9cente, de 2019, et avec moins de 30 000km, seules 120 offres sont accessibles en France avec la combinaison essence\/auto, pour un prix minimum de 30 900\u20ac. En Allemagne, vous trouverez 1 802 offres pour un prix minimum de 25 900\u20ac<\/li>\n<\/ul>\n<p>Versus<\/p>\n<ul>\n<li>Avec une boite manuelle, il n\u2019y a que 4 offres en France, avec des tarifs d\u00e9butant \u00e0 29 900\u20ac, versus 42 offres outre-Rhin, pour un prix minimum de 22 900\u20ac<\/li>\n<li>Si vous recherchez une Classe B diesel et boite manuelle, il n\u2019y a tout simplement aucune offre sur le territoire national, contre 3 en Allemagne, pour un prix minimum de 33 856\u20ac<\/li>\n<li>Enfin, toujours en diesel mais avec une transmission automatique, la France abrite 131 offres, avec des prix d\u00e9butant \u00e0 23 900\u20ac, tandis que l\u2019on recense 458 offres en Allemagne, pour un prix minimum de 22 984\u20ac<\/li>\n<\/ul>\n<h2>Inconv\u00e9nients des vendeurs allemands<\/h2>\n<p>Comme on l\u2019a vu, acheter sa Classe B en Allemagne pr\u00e9sente de nombreux atouts, mais une telle acquisition n\u2019est cependant pas sans quelques inconv\u00e9nients. Ainsi, il est tout d\u2019abord n\u00e9cessaire de <strong>parler couramment allemand<\/strong>, car ce n\u2019est qu\u2019en pratiquant la langue du vendeur que l\u2019on peut facilement obtenir toutes les informations d\u00e9sir\u00e9es sur le v\u00e9hicule, et bien s\u00fbr n\u00e9gocier au mieux son tarif.<\/p>\n<p>Par ailleurs, pour avoir un niveau de confiance suffisant dans le vendeur, il faut en <strong>apprendre un maximum sur lui<\/strong>, et notamment son anciennet\u00e9, son niveau de stock, et les avis de ses clients. Vous devrez en outre vous rendre sur place pour r\u00e9cup\u00e9rer la voiture, voire \u00e9galement pour la payer \u2013 certains vendeurs n\u2019appr\u00e9ciant pas les virements depuis l\u2019\u00e9tranger de la part de particuliers qu\u2019ils ne connaissent pas \u2013 et un tel trajet peut entra\u00eener des d\u00e9penses significatives. Enfin, et c\u2019est l\u2019objet du point suivant, les d\u00e9marches administratives peuvent s\u2019av\u00e9rer complexes et fastidieuses.<\/p>\n<h2>D\u00e9marches administratives : comment faire ?<\/h2>\n<p>Contrairement \u00e0 ce que l\u2019on pourrait croire, les d\u00e9marches \u00e0 entreprendre d\u00e9butent avant m\u00eame l\u2019acquisition du v\u00e9hicule. En effet, il est fortement recommand\u00e9 d\u2019utiliser le <strong>simulateur en ligne<\/strong> de l\u2019Etat afin d\u2019estimer le montant de la carte grise dont vous devrez vous acquitter \u2013 en renseignant les informations du v\u00e9hicule n\u00e9cessaire, telles que la date de premi\u00e8re immatriculation, la puissance fiscale, le niveau de CO2, etc. En tout \u00e9tat de cause, n\u2019oubliez pas que si votre Classe B a moins de 6 mois, et\/ou qu\u2019elle a roul\u00e9 moins de 6000km, l\u2019administration fiscale consid\u00e9rera qu\u2019il s\u2019agit d\u2019une voiture neuve, et que la TVA devra \u00eatre r\u00e9gl\u00e9e en France.<\/p>\n<p>Dans le cadre de la commande, le contrat de vente est incontestablement le document le plus important, or celui-ci sera r\u00e9dig\u00e9 en Allemand, et si vous ne pratiquez pas parfaitement la langue de Goethe, il conviendra de le <strong>traduire<\/strong> afin d\u2019en v\u00e9rifier l\u2019exactitude. Ainsi, le contenu de tous vos \u00e9changes \u2013 et de vos n\u00e9gociations \u2013 avec le vendeur devront figurer noir sur blanc sur ce contrat.<\/p>\n<p>Enfin, une fois le v\u00e9hicule pay\u00e9 et r\u00e9ceptionn\u00e9, il vous faudra encore faire le <strong>quitus aupr\u00e8s du centre des imp\u00f4ts<\/strong>, \u00e9tablir la carte grise \u00e0 l\u2019ANTS \u2013 apr\u00e8s avoir r\u00e9uni l\u2019ensemble des documents n\u00e9cessaires, bien s\u00fbr \u2013 et enfin faire les plaques min\u00e9ralogiques.<\/p>\n<p><img decoding=\"async\" class=\"aligncenter wp-image-20793 size-full\" src=\"https:\/\/mandataire-auto.com\/guide\/wp-content\/uploads\/2019\/05\/Classe-B.jpg\" alt=\"Trouver une Mercedes Classe B moins cher en Allemagne\" width=\"800\" height=\"461\" srcset=\"https:\/\/mandataire-auto.com\/guide\/wp-content\/uploads\/2019\/05\/Classe-B.jpg 800w, https:\/\/mandataire-auto.com\/guide\/wp-content\/uploads\/2019\/05\/Classe-B-300x173.jpg 300w, https:\/\/mandataire-auto.com\/guide\/wp-content\/uploads\/2019\/05\/Classe-B-768x443.jpg 768w\" sizes=\"(max-width: 800px) 100vw, 800px\" \/><\/p>\n<h2>Acheter facilement et en toute s\u00e9curit\u00e9 gr\u00e2ce \u00e0 un mandataire<\/h2>\n<p>Pour faciliter l\u2019importation de votre Classe B, le recours \u00e0 un mandataire peut \u00eatre particuli\u00e8rement utile, \u00e0 condition cependant de choisir ce dernier avec le plus grand soin. Il s\u2019agira notamment de veiller \u00e0 solliciter une <strong>soci\u00e9t\u00e9 enregistr\u00e9e<\/strong>, et non pas unipersonnelle \u2013 du type de celle d\u2019un micro-entrepreneur \u2013 car les niveaux de garantie ne sont \u00e9videmment pas les m\u00eames. En outre, choisissez un mandataire qui parle allemand ET qui ma\u00eetrise tous les tenants et aboutissants des proc\u00e9dures d\u2019importation depuis l\u2019Allemagne \u2013 \u00e0 ce propos, n\u2019h\u00e9sitez pas \u00e0 lui poser des \u00ab question pi\u00e8ges \u00bb afin de vous en assurer.<\/p>\n<p>Il est \u00e9galement pr\u00e9f\u00e9rable de faire confiance \u00e0 une entreprise \u00e9tablie depuis plusieurs ann\u00e9es, et ayant pignon sur rue. Outre la consultation des registres de soci\u00e9t\u00e9 \u2013 tels que Societe.com ou Infogreffe \u2013 il convient donc de jeter un \u0153il sur le capital social, qui doit s\u2019\u00e9lever au minimum \u00e0 5000\u20ac. Les <strong>avis<\/strong> post\u00e9s sur le Web \u2013 Google, r\u00e9seaux sociaux, forums et sites sp\u00e9cialis\u00e9s confondus \u2013 constituent aussi une pr\u00e9cieuse mine d\u2019informations, et si vous avez l\u2019opportunit\u00e9 d\u2019\u00e9changer avec d\u2019anciens clients, profitez-en !<\/p>\n<p>En mati\u00e8re de tarifs, il n\u2019est pas possible de vous dire quel montant parait correct dans l\u2019absolu, car tout d\u00e9pend du niveau de prestations d\u00e9livr\u00e9, et notamment si le transport du v\u00e9hicule est inclus ou non. Last but not least, rappelons que vous n\u2019ach\u00e8terez pas votre Classe B directement au mandataire, mais bien \u00e0 une <strong>concession allemande<\/strong>, et cette pr\u00e9cision est tr\u00e8s importante pour la transparence au niveau du prix et de la TVA.<\/p>\n<h2>Contacter un importateur de Classe B<\/h2>\n<p>D\u00e9posez votre demande de recherche via le formulaire ci-dessous.<\/p>\n\n<div class=\"wpcf7 no-js\" id=\"wpcf7-f20763-o1\" lang=\"fr-FR\" dir=\"ltr\" data-wpcf7-id=\"20763\">\n<div class=\"screen-reader-response\"><p role=\"status\" aria-live=\"polite\" aria-atomic=\"true\"><\/p> <ul><\/ul><\/div>\n<form action=\"\/guide\/wp-json\/wp\/v2\/posts\/20747#wpcf7-f20763-o1\" method=\"post\" class=\"wpcf7-form init\" aria-label=\"Formulaire de contact\" novalidate=\"novalidate\" data-status=\"init\">\n<fieldset class=\"hidden-fields-container\"><input type=\"hidden\" name=\"_wpcf7\" value=\"20763\" \/><input type=\"hidden\" name=\"_wpcf7_version\" value=\"6.1.4\" \/><input type=\"hidden\" name=\"_wpcf7_locale\" value=\"fr_FR\" \/><input type=\"hidden\" name=\"_wpcf7_unit_tag\" value=\"wpcf7-f20763-o1\" \/><input type=\"hidden\" name=\"_wpcf7_container_post\" value=\"0\" \/><input type=\"hidden\" name=\"_wpcf7_posted_data_hash\" value=\"\" \/>\n<\/fieldset>\n<p>Votre nom (obligatoire)\n<\/p>\n<p><span class=\"wpcf7-form-control-wrap\" data-name=\"your-name\"><input size=\"40\" maxlength=\"400\" class=\"wpcf7-form-control wpcf7-text wpcf7-validates-as-required\" aria-required=\"true\" aria-invalid=\"false\" value=\"\" type=\"text\" name=\"your-name\" \/><\/span>\n<\/p>\n<p>Votre pr\u00e9nom (obligatoire)\n<\/p>\n<p><span class=\"wpcf7-form-control-wrap\" data-name=\"text-373\"><input size=\"40\" maxlength=\"400\" class=\"wpcf7-form-control wpcf7-text wpcf7-validates-as-required\" aria-required=\"true\" aria-invalid=\"false\" value=\"\" type=\"text\" name=\"text-373\" \/><\/span>\n<\/p>\n<p>Votre email (obligatoire)\n<\/p>\n<p><span class=\"wpcf7-form-control-wrap\" data-name=\"your-email\"><input size=\"40\" maxlength=\"400\" class=\"wpcf7-form-control wpcf7-email wpcf7-validates-as-required wpcf7-text wpcf7-validates-as-email\" aria-required=\"true\" aria-invalid=\"false\" value=\"\" type=\"email\" name=\"your-email\" \/><\/span>\n<\/p>\n<p>T\u00e9l\u00e9phone (obligatoire)\n<\/p>\n<p><span class=\"wpcf7-form-control-wrap\" data-name=\"tel-930\"><input size=\"40\" maxlength=\"400\" class=\"wpcf7-form-control wpcf7-tel wpcf7-validates-as-required wpcf7-text wpcf7-validates-as-tel\" aria-required=\"true\" aria-invalid=\"false\" value=\"\" type=\"tel\" name=\"tel-930\" \/><\/span>\n<\/p>\n<p>Votre D\u00e9partement (obligatoire)\n<\/p>\n<p><span class=\"wpcf7-form-control-wrap\" data-name=\"menu-372\"><select class=\"wpcf7-form-control wpcf7-select wpcf7-validates-as-required\" aria-required=\"true\" aria-invalid=\"false\" name=\"menu-372\"><option value=\"\">&#8212;Veuillez choisir une option&#8212;<\/option><option value=\"01\tAin\">01\tAin<\/option><option value=\"02\tAisne\">02\tAisne<\/option><option value=\"03\tAllier\">03\tAllier<\/option><option value=\"04\tAlpes de Hautes-Provence\">04\tAlpes de Hautes-Provence<\/option><option value=\"05\tHautes-Alpes\">05\tHautes-Alpes<\/option><option value=\"06\tAlpes-Maritimes\">06\tAlpes-Maritimes<\/option><option value=\"07\tArd\u00e8che\">07\tArd\u00e8che<\/option><option value=\"08\tArdennes\">08\tArdennes<\/option><option value=\"09\tAri\u00e8ge\">09\tAri\u00e8ge<\/option><option value=\"10\tAube\">10\tAube<\/option><option value=\"11\tAude\">11\tAude<\/option><option value=\"12\tAveyron\">12\tAveyron<\/option><option value=\"13\tBouches-du-Rh\u00f4ne\">13\tBouches-du-Rh\u00f4ne<\/option><option value=\"14\tCalvados\">14\tCalvados<\/option><option value=\"15\tCantal\">15\tCantal<\/option><option value=\"16\tCharente\">16\tCharente<\/option><option value=\"17\tCharente-Maritime\">17\tCharente-Maritime<\/option><option value=\"18\tCher\">18\tCher<\/option><option value=\"19\tCorr\u00e8ze\">19\tCorr\u00e8ze<\/option><option value=\"2A\tCorse-du-Sud\">2A\tCorse-du-Sud<\/option><option value=\"2B\tHaute-Corse\">2B\tHaute-Corse<\/option><option value=\"21\tC\u00f4te-d&#039;Or\">21\tC\u00f4te-d&#039;Or<\/option><option value=\"22\tC\u00f4tes d&#039;Armor\">22\tC\u00f4tes d&#039;Armor<\/option><option value=\"23\tCreuse\">23\tCreuse<\/option><option value=\"24\tDordogne\">24\tDordogne<\/option><option value=\"25\tDoubs\">25\tDoubs<\/option><option value=\"26\tDr\u00f4me\">26\tDr\u00f4me<\/option><option value=\"27\tEure\">27\tEure<\/option><option value=\"28\tEure-et-Loir\">28\tEure-et-Loir<\/option><option value=\"29\tFinist\u00e8re\">29\tFinist\u00e8re<\/option><option value=\"30\tGard\">30\tGard<\/option><option value=\"31\tHaute-Garonne\">31\tHaute-Garonne<\/option><option value=\"32\tGers\">32\tGers<\/option><option value=\"33\tGironde\">33\tGironde<\/option><option value=\"34\tH\u00e9rault\">34\tH\u00e9rault<\/option><option value=\"35\tIlle-et-Vilaine\">35\tIlle-et-Vilaine<\/option><option value=\"36\tIndre\">36\tIndre<\/option><option value=\"37\tIndre-et-Loire\">37\tIndre-et-Loire<\/option><option value=\"38\tIs\u00e8re\">38\tIs\u00e8re<\/option><option value=\"39\tJura\">39\tJura<\/option><option value=\"40\tLandes\">40\tLandes<\/option><option value=\"41\tLoir-et-Cher\">41\tLoir-et-Cher<\/option><option value=\"42\tLoire\">42\tLoire<\/option><option value=\"43\tHaute-Loire\">43\tHaute-Loire<\/option><option value=\"44\tLoire-Atlantique\">44\tLoire-Atlantique<\/option><option value=\"45\tLoiret\">45\tLoiret<\/option><option value=\"46\tLot\">46\tLot<\/option><option value=\"47\tLot-et-Garonne\">47\tLot-et-Garonne<\/option><option value=\"48\tLoz\u00e8re\">48\tLoz\u00e8re<\/option><option value=\"49\tMaine-et-Loire\">49\tMaine-et-Loire<\/option><option value=\"50\tManche\">50\tManche<\/option><option value=\"51\tMarne\">51\tMarne<\/option><option value=\"52\tHaute-Marne\">52\tHaute-Marne<\/option><option value=\"53\tMayenne\">53\tMayenne<\/option><option value=\"54\tMeurthe-et-Moselle\">54\tMeurthe-et-Moselle<\/option><option value=\"55\tMeuse\">55\tMeuse<\/option><option value=\"56\tMorbihan\">56\tMorbihan<\/option><option value=\"57\tMoselle\">57\tMoselle<\/option><option value=\"58\tNi\u00e8vre\">58\tNi\u00e8vre<\/option><option value=\"59\tNord\">59\tNord<\/option><option value=\"60\tOise\">60\tOise<\/option><option value=\"61\tOrne\">61\tOrne<\/option><option value=\"62\tPas-de-Calais\">62\tPas-de-Calais<\/option><option value=\"63\tPuy-de-D\u00f4me\">63\tPuy-de-D\u00f4me<\/option><option value=\"64\tPyr\u00e9n\u00e9es-Atlantiques\">64\tPyr\u00e9n\u00e9es-Atlantiques<\/option><option value=\"65\tHautes-Pyr\u00e9n\u00e9es\">65\tHautes-Pyr\u00e9n\u00e9es<\/option><option value=\"66\tPyr\u00e9n\u00e9es-Orientales\">66\tPyr\u00e9n\u00e9es-Orientales<\/option><option value=\"67\tBas-Rhin\">67\tBas-Rhin<\/option><option value=\"68\tHaut-Rhin\">68\tHaut-Rhin<\/option><option value=\"69\tRh\u00f4ne\">69\tRh\u00f4ne<\/option><option value=\"70\tHaute-Sa\u00f4ne\">70\tHaute-Sa\u00f4ne<\/option><option value=\"71\tSa\u00f4ne-et-Loire\">71\tSa\u00f4ne-et-Loire<\/option><option value=\"72\tSarthe\">72\tSarthe<\/option><option value=\"73\tSavoie\">73\tSavoie<\/option><option value=\"74\tHaute-Savoie\">74\tHaute-Savoie<\/option><option value=\"75\tParis\">75\tParis<\/option><option value=\"76\tSeine-Maritime\">76\tSeine-Maritime<\/option><option value=\"77\tSeine-et-Marne\">77\tSeine-et-Marne<\/option><option value=\"78\tYvelines\">78\tYvelines<\/option><option value=\"79\tDeux-S\u00e8vres\">79\tDeux-S\u00e8vres<\/option><option value=\"80\tSomme\">80\tSomme<\/option><option value=\"81\tTarn\">81\tTarn<\/option><option value=\"82\tTarn-et-Garonne\">82\tTarn-et-Garonne<\/option><option value=\"83\tVar\">83\tVar<\/option><option value=\"84\tVaucluse\">84\tVaucluse<\/option><option value=\"85\tVend\u00e9e\">85\tVend\u00e9e<\/option><option value=\"86\tVienne\">86\tVienne<\/option><option value=\"87\tHaute-Vienne\">87\tHaute-Vienne<\/option><option value=\"88\tVosges\">88\tVosges<\/option><option value=\"89\tYonne\">89\tYonne<\/option><option value=\"90\tTerritoire-de-Belfort\">90\tTerritoire-de-Belfort<\/option><option value=\"91\tEssonne\">91\tEssonne<\/option><option value=\"92\tHauts-de-Seine\">92\tHauts-de-Seine<\/option><option value=\"93\tSeine-Saint-Denis\">93\tSeine-Saint-Denis<\/option><option value=\"94\tVal-de-Marne\">94\tVal-de-Marne<\/option><option value=\"95\tVal-d&#039;Oise\">95\tVal-d&#039;Oise<\/option><\/select><\/span>\n<\/p>\n<p>&nbsp;<br \/>\n<span style=\"text-decoration: underline;\">Le v\u00e9hicule d'occasion que vous recherchez :<\/span>\n<\/p>\n<p>Marque (obligatoire)\n<\/p>\n<p>MERCEDES\n<\/p>\n<p>Mod\u00e8le (obligatoire)\n<\/p>\n<p><span class=\"wpcf7-form-control-wrap\" data-name=\"text-775\"><input size=\"40\" maxlength=\"400\" class=\"wpcf7-form-control wpcf7-text wpcf7-validates-as-required\" aria-required=\"true\" aria-invalid=\"false\" placeholder=\"Exemple : Classe B\" value=\"\" type=\"text\" name=\"text-775\" \/><\/span>\n<\/p>\n<p>Motorisation et finition (obligatoire)\n<\/p>\n<p><span class=\"wpcf7-form-control-wrap\" data-name=\"text-739\"><input size=\"40\" maxlength=\"400\" class=\"wpcf7-form-control wpcf7-text wpcf7-validates-as-required\" aria-required=\"true\" aria-invalid=\"false\" placeholder=\"Exemple : 180 Fascination\" value=\"\" type=\"text\" name=\"text-739\" \/><\/span>\n<\/p>\n<p>Boite de vitesse (obligatoire)\n<\/p>\n<p><span class=\"wpcf7-form-control-wrap\" data-name=\"checkbox-334\"><span class=\"wpcf7-form-control wpcf7-checkbox wpcf7-validates-as-required\"><span class=\"wpcf7-list-item first\"><input type=\"checkbox\" name=\"checkbox-334[]\" value=\"Manuelle\" \/><span class=\"wpcf7-list-item-label\">Manuelle<\/span><\/span><span class=\"wpcf7-list-item last\"><input type=\"checkbox\" name=\"checkbox-334[]\" value=\"Automatique\" \/><span class=\"wpcf7-list-item-label\">Automatique<\/span><\/span><\/span><\/span>\n<\/p>\n<p>Couleur (plusieurs choix possible)\n<\/p>\n<p><span class=\"wpcf7-form-control-wrap\" data-name=\"text-212\"><input size=\"40\" maxlength=\"400\" class=\"wpcf7-form-control wpcf7-text\" aria-invalid=\"false\" value=\"\" type=\"text\" name=\"text-212\" \/><\/span>\n<\/p>\n<p>Kilom\u00e9trage maximum (obligatoire)\n<\/p>\n<p><span class=\"wpcf7-form-control-wrap\" data-name=\"menu-860\"><select class=\"wpcf7-form-control wpcf7-select wpcf7-validates-as-required\" aria-required=\"true\" aria-invalid=\"false\" name=\"menu-860\"><option value=\"\">&#8212;Veuillez choisir une option&#8212;<\/option><option value=\"Maximum 10 000 km\">Maximum 10 000 km<\/option><option value=\"Maximum 20 000 km\">Maximum 20 000 km<\/option><option value=\"Maximum 30 000 km\">Maximum 30 000 km<\/option><option value=\"Maximum 50 000 km\">Maximum 50 000 km<\/option><option value=\"Maximum 75 000 km\">Maximum 75 000 km<\/option><option value=\"Maximum 100 000 km\">Maximum 100 000 km<\/option><\/select><\/span>\n<\/p>\n<p>Ann\u00e9e minimum du v\u00e9hicule (obligatoire)\n<\/p>\n<p><span class=\"wpcf7-form-control-wrap\" data-name=\"menu-948\"><select class=\"wpcf7-form-control wpcf7-select wpcf7-validates-as-required\" aria-required=\"true\" aria-invalid=\"false\" name=\"menu-948\"><option value=\"\">&#8212;Veuillez choisir une option&#8212;<\/option><option value=\"2020\">2020<\/option><option value=\"2019\">2019<\/option><option value=\"2018\">2018<\/option><option value=\"2017\">2017<\/option><option value=\"2016\">2016<\/option><option value=\"2015\">2015<\/option><option value=\"2014\">2014<\/option><option value=\"2013\">2013<\/option><option value=\"2012\">2012<\/option><option value=\"2011\">2011<\/option><option value=\"2010\">2010<\/option><option value=\"Autre\">Autre<\/option><\/select><\/span>\n<\/p>\n<p>Votre budget\n<\/p>\n<p><span class=\"wpcf7-form-control-wrap\" data-name=\"text-331\"><input size=\"40\" maxlength=\"400\" class=\"wpcf7-form-control wpcf7-text\" aria-invalid=\"false\" value=\"\" type=\"text\" name=\"text-331\" \/><\/span>\n<\/p>\n<p>Lien d'une annonce trouv\u00e9 sur <a href=\"https:\/\/bit.ly\/2MD1Xjf\" target=\"_blank\">www.automobile.fr<\/a> (optionnel)\n<\/p>\n<p><span class=\"wpcf7-form-control-wrap\" data-name=\"url-5\"><input size=\"80\" maxlength=\"400\" class=\"wpcf7-form-control wpcf7-url wpcf7-text wpcf7-validates-as-url\" aria-invalid=\"false\" placeholder=\"Coller ici le lien de l&#039;annonce que vous avez trouv\u00e9 sur le site www.automobile.fr\" value=\"\" type=\"url\" name=\"url-5\" \/><\/span>\n<\/p>\n<p>Options souhait\u00e9es et divers\n<\/p>\n<p><span class=\"wpcf7-form-control-wrap\" data-name=\"your-message\"><textarea cols=\"40\" rows=\"10\" maxlength=\"2000\" class=\"wpcf7-form-control wpcf7-textarea\" aria-invalid=\"false\" name=\"your-message\"><\/textarea><\/span>\n<\/p>\n<p>En cliquant sur \"Envoyer\" j\u2019accepte que les informations saisies soient trait\u00e9es dans le cadre de ma demande de recherche et de la mise en relation avec un professionnel.\n<\/p>\n<p><input class=\"wpcf7-form-control wpcf7-submit has-spinner\" type=\"submit\" value=\"Envoyer\" \/>\n<\/p><p style=\"display: none !important;\" class=\"akismet-fields-container\" data-prefix=\"_wpcf7_ak_\"><label>&#916;<textarea name=\"_wpcf7_ak_hp_textarea\" cols=\"45\" rows=\"8\" maxlength=\"100\"><\/textarea><\/label><input type=\"hidden\" id=\"ak_js_1\" name=\"_wpcf7_ak_js\" value=\"51\"\/><script>document.getElementById( \"ak_js_1\" ).setAttribute( \"value\", ( new Date() ).getTime() );<\/script><\/p><div class=\"inv-recaptcha-holder\"><\/div><div class=\"wpcf7-response-output\" aria-hidden=\"true\"><\/div>\n<\/form>\n<\/div>\n\n<p>En conclusion, nous esp\u00e9rons que vous aurez trouver dans cet article les diff\u00e9rents \u00e9l\u00e9ments pertinents pour importer votre future Classe B d\u2019occasion depuis l\u2019Allemagne \u2013 ou faire appel \u00e0 un importateur de confiance \u2013 dans les meilleures conditions. Ainsi, vous pourrez prochainement prendre le volant de ce monospace compact sportif et \u00e9l\u00e9gant, remarquable synth\u00e8se de dynamisme et de confort.<\/p>\n","protected":false},"excerpt":{"rendered":"<p>Alliant les c\u00f4t\u00e9s pratiques d\u2019une voiture familiale avec l\u2019\u00e9l\u00e9gance et la sportivit\u00e9 que l\u2019on attend d\u2019une Mercedes-Benz, la Classe B combine \u00e0 merveille dynamisme et confort. Toutefois, comme bon nombre de mod\u00e8les frapp\u00e9s de la c\u00e9l\u00e8bre \u00e9toile \u00e0 trois branches, la facture pour l\u2019acqu\u00e9rir peut sembler prohibitive, surtout lorsque l\u2019on commence \u00e0 piocher du c\u00f4t\u00e9 [&hellip;]<\/p>\n","protected":false},"author":1,"featured_media":20792,"comment_status":"open","ping_status":"open","sticky":false,"template":"","format":"standard","meta":{"footnotes":""},"categories":[3],"tags":[],"class_list":["post-20747","post","type-post","status-publish","format-standard","has-post-thumbnail","hentry","category-importation-automobile"],"aioseo_notices":[],"views":3229,"_links":{"self":[{"href":"https:\/\/mandataire-auto.com\/guide\/wp-json\/wp\/v2\/posts\/20747","targetHints":{"allow":["GET"]}}],"collection":[{"href":"https:\/\/mandataire-auto.com\/guide\/wp-json\/wp\/v2\/posts"}],"about":[{"href":"https:\/\/mandataire-auto.com\/guide\/wp-json\/wp\/v2\/types\/post"}],"author":[{"embeddable":true,"href":"https:\/\/mandataire-auto.com\/guide\/wp-json\/wp\/v2\/users\/1"}],"replies":[{"embeddable":true,"href":"https:\/\/mandataire-auto.com\/guide\/wp-json\/wp\/v2\/comments?post=20747"}],"version-history":[{"count":5,"href":"https:\/\/mandataire-auto.com\/guide\/wp-json\/wp\/v2\/posts\/20747\/revisions"}],"predecessor-version":[{"id":20795,"href":"https:\/\/mandataire-auto.com\/guide\/wp-json\/wp\/v2\/posts\/20747\/revisions\/20795"}],"wp:featuredmedia":[{"embeddable":true,"href":"https:\/\/mandataire-auto.com\/guide\/wp-json\/wp\/v2\/media\/20792"}],"wp:attachment":[{"href":"https:\/\/mandataire-auto.com\/guide\/wp-json\/wp\/v2\/media?parent=20747"}],"wp:term":[{"taxonomy":"category","embeddable":true,"href":"https:\/\/mandataire-auto.com\/guide\/wp-json\/wp\/v2\/categories?post=20747"},{"taxonomy":"post_tag","embeddable":true,"href":"https:\/\/mandataire-auto.com\/guide\/wp-json\/wp\/v2\/tags?post=20747"}],"curies":[{"name":"wp","href":"https:\/\/api.w.org\/{rel}","templated":true}]}}